{"id":2734,"date":"2024-10-17T11:03:27","date_gmt":"2024-10-17T11:03:27","guid":{"rendered":"https:\/\/akordaj.ro\/antonio-vivaldi-preotul-roscat-al-barocului\/"},"modified":"2025-02-20T11:53:52","modified_gmt":"2025-02-20T11:53:52","slug":"antonio-vivaldi-a-barokk-voros-haju-papja","status":"publish","type":"post","link":"http:\/\/akordaj.ro\/hu\/antonio-vivaldi-a-barokk-voros-haju-papja\/","title":{"rendered":"Antonio Vivaldi: A barokk v\u00f6r\u00f6s haj\u00fa papja"},"content":{"rendered":"","protected":false},"excerpt":{"rendered":"","protected":false},"author":2,"featured_media":601,"comment_status":"closed","ping_status":"closed","sticky":false,"template":"","format":"standard","meta":{"_acf_changed":false,"footnotes":""},"categories":[121,108],"tags":[130,131],"class_list":["post-2734","post","type-post","status-publish","format-standard","has-post-thumbnail","hentry","category-muvek","category-zeneszerzok","tag-antonio-vivaldi-hu","tag-cele-patru-anotimpuri-hu"],"acf":[],"yoast_head":"<!-- This site is optimized with the Yoast SEO plugin v26.6 - https:\/\/yoast.com\/wordpress\/plugins\/seo\/ -->\n<title>Antonio Vivaldi: A barokk v\u00f6r\u00f6s haj\u00fa papja - Akordaj<\/title>\n<meta name=\"description\" content=\"Amikor az eur\u00f3pai klasszikus zen\u00e9r\u0151l besz\u00e9l\u00fcnk, gyakran N\u00e9metorsz\u00e1g \u00e9s Ausztria jut els\u0151k\u00e9nt esz\u00fcnkbe, mint a f\u0151 pill\u00e9rek.\" \/>\n<meta name=\"robots\" content=\"index, follow, max-snippet:-1, max-image-preview:large, max-video-preview:-1\" \/>\n<link rel=\"canonical\" href=\"http:\/\/akordaj.ro\/hu\/antonio-vivaldi-a-barokk-voros-haju-papja\/\" \/>\n<meta property=\"og:locale\" content=\"hu_HU\" \/>\n<meta property=\"og:type\" content=\"article\" \/>\n<meta property=\"og:title\" content=\"Antonio Vivaldi: A barokk v\u00f6r\u00f6s haj\u00fa papja - Akordaj\" \/>\n<meta property=\"og:description\" content=\"Amikor az eur\u00f3pai klasszikus zen\u00e9r\u0151l besz\u00e9l\u00fcnk, gyakran N\u00e9metorsz\u00e1g \u00e9s Ausztria jut els\u0151k\u00e9nt esz\u00fcnkbe, mint a f\u0151 pill\u00e9rek.\" \/>\n<meta property=\"og:url\" content=\"http:\/\/akordaj.ro\/hu\/antonio-vivaldi-a-barokk-voros-haju-papja\/\" \/>\n<meta property=\"og:site_name\" content=\"Akordaj\" \/>\n<meta property=\"article:published_time\" content=\"2024-10-17T11:03:27+00:00\" \/>\n<meta property=\"article:modified_time\" content=\"2025-02-20T11:53:52+00:00\" \/>\n<meta property=\"og:image\" content=\"https:\/\/akordaj.ro\/wp-content\/uploads\/2024\/10\/antonio-vivaldi.jpg\" \/>\n\t<meta property=\"og:image:width\" content=\"1366\" \/>\n\t<meta property=\"og:image:height\" content=\"768\" \/>\n\t<meta property=\"og:image:type\" content=\"image\/jpeg\" \/>\n<meta name=\"author\" content=\"Cristina Nagy\" \/>\n<meta name=\"twitter:card\" content=\"summary_large_image\" \/>\n<meta name=\"twitter:label1\" content=\"Szerz\u0151:\" \/>\n\t<meta name=\"twitter:data1\" content=\"Cristina Nagy\" \/>\n\t<meta name=\"twitter:label2\" content=\"Becs\u00fclt olvas\u00e1si id\u0151\" \/>\n\t<meta name=\"twitter:data2\" content=\"1 perc\" \/>\n<script type=\"application\/ld+json\" class=\"yoast-schema-graph\">{\"@context\":\"https:\/\/schema.org\",\"@graph\":[{\"@type\":\"WebPage\",\"@id\":\"http:\/\/akordaj.ro\/hu\/antonio-vivaldi-a-barokk-voros-haju-papja\/\",\"url\":\"http:\/\/akordaj.ro\/hu\/antonio-vivaldi-a-barokk-voros-haju-papja\/\",\"name\":\"Antonio Vivaldi: A barokk v\u00f6r\u00f6s haj\u00fa papja - Akordaj\",\"isPartOf\":{\"@id\":\"http:\/\/akordaj.ro\/hu\/#website\"},\"primaryImageOfPage\":{\"@id\":\"http:\/\/akordaj.ro\/hu\/antonio-vivaldi-a-barokk-voros-haju-papja\/#primaryimage\"},\"image\":{\"@id\":\"http:\/\/akordaj.ro\/hu\/antonio-vivaldi-a-barokk-voros-haju-papja\/#primaryimage\"},\"thumbnailUrl\":\"http:\/\/akordaj.ro\/wp-content\/uploads\/2024\/10\/antonio-vivaldi.jpg\",\"datePublished\":\"2024-10-17T11:03:27+00:00\",\"dateModified\":\"2025-02-20T11:53:52+00:00\",\"author\":{\"@id\":\"http:\/\/akordaj.ro\/hu\/#\/schema\/person\/db380b77b25899e5c68d48a1cacd0f5c\"},\"description\":\"Amikor az eur\u00f3pai klasszikus zen\u00e9r\u0151l besz\u00e9l\u00fcnk, gyakran N\u00e9metorsz\u00e1g \u00e9s Ausztria jut els\u0151k\u00e9nt esz\u00fcnkbe, mint a f\u0151 pill\u00e9rek.\",\"breadcrumb\":{\"@id\":\"http:\/\/akordaj.ro\/hu\/antonio-vivaldi-a-barokk-voros-haju-papja\/#breadcrumb\"},\"inLanguage\":\"hu\",\"potentialAction\":[{\"@type\":\"ReadAction\",\"target\":[\"http:\/\/akordaj.ro\/hu\/antonio-vivaldi-a-barokk-voros-haju-papja\/\"]}]},{\"@type\":\"ImageObject\",\"inLanguage\":\"hu\",\"@id\":\"http:\/\/akordaj.ro\/hu\/antonio-vivaldi-a-barokk-voros-haju-papja\/#primaryimage\",\"url\":\"http:\/\/akordaj.ro\/wp-content\/uploads\/2024\/10\/antonio-vivaldi.jpg\",\"contentUrl\":\"http:\/\/akordaj.ro\/wp-content\/uploads\/2024\/10\/antonio-vivaldi.jpg\",\"width\":1366,\"height\":768,\"caption\":\"Preotul ro\u0219cat al Barocului\"},{\"@type\":\"BreadcrumbList\",\"@id\":\"http:\/\/akordaj.ro\/hu\/antonio-vivaldi-a-barokk-voros-haju-papja\/#breadcrumb\",\"itemListElement\":[{\"@type\":\"ListItem\",\"position\":1,\"name\":\"Home\",\"item\":\"https:\/\/akordaj.ro\/hu\/\"},{\"@type\":\"ListItem\",\"position\":2,\"name\":\"Antonio Vivaldi: A barokk v\u00f6r\u00f6s haj\u00fa papja\"}]},{\"@type\":\"WebSite\",\"@id\":\"http:\/\/akordaj.ro\/hu\/#website\",\"url\":\"http:\/\/akordaj.ro\/hu\/\",\"name\":\"Akordaj\",\"description\":\"\",\"potentialAction\":[{\"@type\":\"SearchAction\",\"target\":{\"@type\":\"EntryPoint\",\"urlTemplate\":\"http:\/\/akordaj.ro\/hu\/?s={search_term_string}\"},\"query-input\":{\"@type\":\"PropertyValueSpecification\",\"valueRequired\":true,\"valueName\":\"search_term_string\"}}],\"inLanguage\":\"hu\"},{\"@type\":\"Person\",\"@id\":\"http:\/\/akordaj.ro\/hu\/#\/schema\/person\/db380b77b25899e5c68d48a1cacd0f5c\",\"name\":\"Cristina Nagy\",\"url\":\"http:\/\/akordaj.ro\/hu\/author\/trib2design\/\"}]}<\/script>\n<!-- \/ Yoast SEO plugin. -->","yoast_head_json":{"title":"Antonio Vivaldi: A barokk v\u00f6r\u00f6s haj\u00fa papja - Akordaj","description":"Amikor az eur\u00f3pai klasszikus zen\u00e9r\u0151l besz\u00e9l\u00fcnk, gyakran N\u00e9metorsz\u00e1g \u00e9s Ausztria jut els\u0151k\u00e9nt esz\u00fcnkbe, mint a f\u0151 pill\u00e9rek.","robots":{"index":"index","follow":"follow","max-snippet":"max-snippet:-1","max-image-preview":"max-image-preview:large","max-video-preview":"max-video-preview:-1"},"canonical":"http:\/\/akordaj.ro\/hu\/antonio-vivaldi-a-barokk-voros-haju-papja\/","og_locale":"hu_HU","og_type":"article","og_title":"Antonio Vivaldi: A barokk v\u00f6r\u00f6s haj\u00fa papja - Akordaj","og_description":"Amikor az eur\u00f3pai klasszikus zen\u00e9r\u0151l besz\u00e9l\u00fcnk, gyakran N\u00e9metorsz\u00e1g \u00e9s Ausztria jut els\u0151k\u00e9nt esz\u00fcnkbe, mint a f\u0151 pill\u00e9rek.","og_url":"http:\/\/akordaj.ro\/hu\/antonio-vivaldi-a-barokk-voros-haju-papja\/","og_site_name":"Akordaj","article_published_time":"2024-10-17T11:03:27+00:00","article_modified_time":"2025-02-20T11:53:52+00:00","og_image":[{"width":1366,"height":768,"url":"https:\/\/akordaj.ro\/wp-content\/uploads\/2024\/10\/antonio-vivaldi.jpg","type":"image\/jpeg"}],"author":"Cristina Nagy","twitter_card":"summary_large_image","twitter_misc":{"Szerz\u0151:":"Cristina Nagy","Becs\u00fclt olvas\u00e1si id\u0151":"1 perc"},"schema":{"@context":"https:\/\/schema.org","@graph":[{"@type":"WebPage","@id":"http:\/\/akordaj.ro\/hu\/antonio-vivaldi-a-barokk-voros-haju-papja\/","url":"http:\/\/akordaj.ro\/hu\/antonio-vivaldi-a-barokk-voros-haju-papja\/","name":"Antonio Vivaldi: A barokk v\u00f6r\u00f6s haj\u00fa papja - Akordaj","isPartOf":{"@id":"http:\/\/akordaj.ro\/hu\/#website"},"primaryImageOfPage":{"@id":"http:\/\/akordaj.ro\/hu\/antonio-vivaldi-a-barokk-voros-haju-papja\/#primaryimage"},"image":{"@id":"http:\/\/akordaj.ro\/hu\/antonio-vivaldi-a-barokk-voros-haju-papja\/#primaryimage"},"thumbnailUrl":"http:\/\/akordaj.ro\/wp-content\/uploads\/2024\/10\/antonio-vivaldi.jpg","datePublished":"2024-10-17T11:03:27+00:00","dateModified":"2025-02-20T11:53:52+00:00","author":{"@id":"http:\/\/akordaj.ro\/hu\/#\/schema\/person\/db380b77b25899e5c68d48a1cacd0f5c"},"description":"Amikor az eur\u00f3pai klasszikus zen\u00e9r\u0151l besz\u00e9l\u00fcnk, gyakran N\u00e9metorsz\u00e1g \u00e9s Ausztria jut els\u0151k\u00e9nt esz\u00fcnkbe, mint a f\u0151 pill\u00e9rek.","breadcrumb":{"@id":"http:\/\/akordaj.ro\/hu\/antonio-vivaldi-a-barokk-voros-haju-papja\/#breadcrumb"},"inLanguage":"hu","potentialAction":[{"@type":"ReadAction","target":["http:\/\/akordaj.ro\/hu\/antonio-vivaldi-a-barokk-voros-haju-papja\/"]}]},{"@type":"ImageObject","inLanguage":"hu","@id":"http:\/\/akordaj.ro\/hu\/antonio-vivaldi-a-barokk-voros-haju-papja\/#primaryimage","url":"http:\/\/akordaj.ro\/wp-content\/uploads\/2024\/10\/antonio-vivaldi.jpg","contentUrl":"http:\/\/akordaj.ro\/wp-content\/uploads\/2024\/10\/antonio-vivaldi.jpg","width":1366,"height":768,"caption":"Preotul ro\u0219cat al Barocului"},{"@type":"BreadcrumbList","@id":"http:\/\/akordaj.ro\/hu\/antonio-vivaldi-a-barokk-voros-haju-papja\/#breadcrumb","itemListElement":[{"@type":"ListItem","position":1,"name":"Home","item":"https:\/\/akordaj.ro\/hu\/"},{"@type":"ListItem","position":2,"name":"Antonio Vivaldi: A barokk v\u00f6r\u00f6s haj\u00fa papja"}]},{"@type":"WebSite","@id":"http:\/\/akordaj.ro\/hu\/#website","url":"http:\/\/akordaj.ro\/hu\/","name":"Akordaj","description":"","potentialAction":[{"@type":"SearchAction","target":{"@type":"EntryPoint","urlTemplate":"http:\/\/akordaj.ro\/hu\/?s={search_term_string}"},"query-input":{"@type":"PropertyValueSpecification","valueRequired":true,"valueName":"search_term_string"}}],"inLanguage":"hu"},{"@type":"Person","@id":"http:\/\/akordaj.ro\/hu\/#\/schema\/person\/db380b77b25899e5c68d48a1cacd0f5c","name":"Cristina Nagy","url":"http:\/\/akordaj.ro\/hu\/author\/trib2design\/"}]}},"_links":{"self":[{"href":"http:\/\/akordaj.ro\/hu\/wp-json\/wp\/v2\/posts\/2734","targetHints":{"allow":["GET"]}}],"collection":[{"href":"http:\/\/akordaj.ro\/hu\/wp-json\/wp\/v2\/posts"}],"about":[{"href":"http:\/\/akordaj.ro\/hu\/wp-json\/wp\/v2\/types\/post"}],"author":[{"embeddable":true,"href":"http:\/\/akordaj.ro\/hu\/wp-json\/wp\/v2\/users\/2"}],"replies":[{"embeddable":true,"href":"http:\/\/akordaj.ro\/hu\/wp-json\/wp\/v2\/comments?post=2734"}],"version-history":[{"count":2,"href":"http:\/\/akordaj.ro\/hu\/wp-json\/wp\/v2\/posts\/2734\/revisions"}],"predecessor-version":[{"id":2736,"href":"http:\/\/akordaj.ro\/hu\/wp-json\/wp\/v2\/posts\/2734\/revisions\/2736"}],"wp:featuredmedia":[{"embeddable":true,"href":"http:\/\/akordaj.ro\/hu\/wp-json\/wp\/v2\/media\/601"}],"wp:attachment":[{"href":"http:\/\/akordaj.ro\/hu\/wp-json\/wp\/v2\/media?parent=2734"}],"wp:term":[{"taxonomy":"category","embeddable":true,"href":"http:\/\/akordaj.ro\/hu\/wp-json\/wp\/v2\/categories?post=2734"},{"taxonomy":"post_tag","embeddable":true,"href":"http:\/\/akordaj.ro\/hu\/wp-json\/wp\/v2\/tags?post=2734"}],"curies":[{"name":"wp","href":"https:\/\/api.w.org\/{rel}","templated":true}]}}