{"id":2731,"date":"2024-10-19T13:41:24","date_gmt":"2024-10-19T13:41:24","guid":{"rendered":"https:\/\/akordaj.ro\/prima-vioara-nu-se-uita-niciodata-uite-cum-o-alegi-pe-cea-potrivita\/"},"modified":"2025-02-20T11:47:52","modified_gmt":"2025-02-20T11:47:52","slug":"az-elso-hegedut-sosem-felejted-e-igy-valaszd-ki-a-megfelelot","status":"publish","type":"post","link":"http:\/\/akordaj.ro\/hu\/az-elso-hegedut-sosem-felejted-e-igy-valaszd-ki-a-megfelelot\/","title":{"rendered":"Az els\u0151 heged\u0171t sosem felejted el &#8211; \u00edgy v\u00e1laszd ki a megfelel\u0151t"},"content":{"rendered":"","protected":false},"excerpt":{"rendered":"","protected":false},"author":3,"featured_media":553,"comment_status":"closed","ping_status":"closed","sticky":false,"template":"","format":"standard","meta":{"_acf_changed":false,"footnotes":""},"categories":[128],"tags":[105,107,129],"class_list":["post-2731","post","type-post","status-publish","format-standard","has-post-thumbnail","hentry","category-zene-es-gyerekek","tag-instrumente-muzicale-hu","tag-vioara-hu","tag-vioara-pentru-copii-hu"],"acf":[],"yoast_head":"<!-- This site is optimized with the Yoast SEO plugin v26.6 - https:\/\/yoast.com\/wordpress\/plugins\/seo\/ -->\n<title>Az els\u0151 heged\u0171t sosem felejted el - \u00edgy v\u00e1laszd ki a megfelel\u0151t - Akordaj<\/title>\n<meta name=\"description\" content=\"A gyermeke heged\u0171j\u00e9nek megfelel\u0151 m\u00e9ret\u00e9nek kiv\u00e1laszt\u00e1sa l\u00e9tfontoss\u00e1g\u00fa szempont az \u00faj zenei utaz\u00e1s megkezd\u00e9s\u00e9hez.\" \/>\n<meta name=\"robots\" content=\"index, follow, max-snippet:-1, max-image-preview:large, max-video-preview:-1\" \/>\n<link rel=\"canonical\" href=\"http:\/\/akordaj.ro\/hu\/az-elso-hegedut-sosem-felejted-e-igy-valaszd-ki-a-megfelelot\/\" \/>\n<meta property=\"og:locale\" content=\"hu_HU\" \/>\n<meta property=\"og:type\" content=\"article\" \/>\n<meta property=\"og:title\" content=\"Az els\u0151 heged\u0171t sosem felejted el - \u00edgy v\u00e1laszd ki a megfelel\u0151t - Akordaj\" \/>\n<meta property=\"og:description\" content=\"A gyermeke heged\u0171j\u00e9nek megfelel\u0151 m\u00e9ret\u00e9nek kiv\u00e1laszt\u00e1sa l\u00e9tfontoss\u00e1g\u00fa szempont az \u00faj zenei utaz\u00e1s megkezd\u00e9s\u00e9hez.\" \/>\n<meta property=\"og:url\" content=\"http:\/\/akordaj.ro\/hu\/az-elso-hegedut-sosem-felejted-e-igy-valaszd-ki-a-megfelelot\/\" \/>\n<meta property=\"og:site_name\" content=\"Akordaj\" \/>\n<meta property=\"article:published_time\" content=\"2024-10-19T13:41:24+00:00\" \/>\n<meta property=\"article:modified_time\" content=\"2025-02-20T11:47:52+00:00\" \/>\n<meta property=\"og:image\" content=\"https:\/\/akordaj.ro\/wp-content\/uploads\/2024\/10\/vioara-pentru-copii.jpg\" \/>\n\t<meta property=\"og:image:width\" content=\"1366\" \/>\n\t<meta property=\"og:image:height\" content=\"768\" \/>\n\t<meta property=\"og:image:type\" content=\"image\/jpeg\" \/>\n<meta name=\"author\" content=\"Madalina\" \/>\n<meta name=\"twitter:card\" content=\"summary_large_image\" \/>\n<meta name=\"twitter:label1\" content=\"Szerz\u0151:\" \/>\n\t<meta name=\"twitter:data1\" content=\"Madalina\" \/>\n\t<meta name=\"twitter:label2\" content=\"Becs\u00fclt olvas\u00e1si id\u0151\" \/>\n\t<meta name=\"twitter:data2\" content=\"1 perc\" \/>\n<script type=\"application\/ld+json\" class=\"yoast-schema-graph\">{\"@context\":\"https:\/\/schema.org\",\"@graph\":[{\"@type\":\"WebPage\",\"@id\":\"http:\/\/akordaj.ro\/hu\/az-elso-hegedut-sosem-felejted-e-igy-valaszd-ki-a-megfelelot\/\",\"url\":\"http:\/\/akordaj.ro\/hu\/az-elso-hegedut-sosem-felejted-e-igy-valaszd-ki-a-megfelelot\/\",\"name\":\"Az els\u0151 heged\u0171t sosem felejted el - \u00edgy v\u00e1laszd ki a megfelel\u0151t - Akordaj\",\"isPartOf\":{\"@id\":\"http:\/\/akordaj.ro\/hu\/#website\"},\"primaryImageOfPage\":{\"@id\":\"http:\/\/akordaj.ro\/hu\/az-elso-hegedut-sosem-felejted-e-igy-valaszd-ki-a-megfelelot\/#primaryimage\"},\"image\":{\"@id\":\"http:\/\/akordaj.ro\/hu\/az-elso-hegedut-sosem-felejted-e-igy-valaszd-ki-a-megfelelot\/#primaryimage\"},\"thumbnailUrl\":\"http:\/\/akordaj.ro\/wp-content\/uploads\/2024\/10\/vioara-pentru-copii.jpg\",\"datePublished\":\"2024-10-19T13:41:24+00:00\",\"dateModified\":\"2025-02-20T11:47:52+00:00\",\"author\":{\"@id\":\"http:\/\/akordaj.ro\/hu\/#\/schema\/person\/2352039fbe9a0904b4597c4c8c4c3cc5\"},\"description\":\"A gyermeke heged\u0171j\u00e9nek megfelel\u0151 m\u00e9ret\u00e9nek kiv\u00e1laszt\u00e1sa l\u00e9tfontoss\u00e1g\u00fa szempont az \u00faj zenei utaz\u00e1s megkezd\u00e9s\u00e9hez.\",\"breadcrumb\":{\"@id\":\"http:\/\/akordaj.ro\/hu\/az-elso-hegedut-sosem-felejted-e-igy-valaszd-ki-a-megfelelot\/#breadcrumb\"},\"inLanguage\":\"hu\",\"potentialAction\":[{\"@type\":\"ReadAction\",\"target\":[\"http:\/\/akordaj.ro\/hu\/az-elso-hegedut-sosem-felejted-e-igy-valaszd-ki-a-megfelelot\/\"]}]},{\"@type\":\"ImageObject\",\"inLanguage\":\"hu\",\"@id\":\"http:\/\/akordaj.ro\/hu\/az-elso-hegedut-sosem-felejted-e-igy-valaszd-ki-a-megfelelot\/#primaryimage\",\"url\":\"http:\/\/akordaj.ro\/wp-content\/uploads\/2024\/10\/vioara-pentru-copii.jpg\",\"contentUrl\":\"http:\/\/akordaj.ro\/wp-content\/uploads\/2024\/10\/vioara-pentru-copii.jpg\",\"width\":1366,\"height\":768,\"caption\":\"Prima vioar\u0103 nu se uit\u0103 niciodat\u0103 - uite cum o alegi pe cea potrivit\u0103\"},{\"@type\":\"BreadcrumbList\",\"@id\":\"http:\/\/akordaj.ro\/hu\/az-elso-hegedut-sosem-felejted-e-igy-valaszd-ki-a-megfelelot\/#breadcrumb\",\"itemListElement\":[{\"@type\":\"ListItem\",\"position\":1,\"name\":\"Home\",\"item\":\"http:\/\/akordaj.ro\/hu\/\"},{\"@type\":\"ListItem\",\"position\":2,\"name\":\"Az els\u0151 heged\u0171t sosem felejted el &#8211; \u00edgy v\u00e1laszd ki a megfelel\u0151t\"}]},{\"@type\":\"WebSite\",\"@id\":\"http:\/\/akordaj.ro\/hu\/#website\",\"url\":\"http:\/\/akordaj.ro\/hu\/\",\"name\":\"Akordaj\",\"description\":\"\",\"potentialAction\":[{\"@type\":\"SearchAction\",\"target\":{\"@type\":\"EntryPoint\",\"urlTemplate\":\"http:\/\/akordaj.ro\/hu\/?s={search_term_string}\"},\"query-input\":{\"@type\":\"PropertyValueSpecification\",\"valueRequired\":true,\"valueName\":\"search_term_string\"}}],\"inLanguage\":\"hu\"},{\"@type\":\"Person\",\"@id\":\"http:\/\/akordaj.ro\/hu\/#\/schema\/person\/2352039fbe9a0904b4597c4c8c4c3cc5\",\"name\":\"Madalina\",\"url\":\"http:\/\/akordaj.ro\/hu\/author\/trib2pr\/\"}]}<\/script>\n<!-- \/ Yoast SEO plugin. -->","yoast_head_json":{"title":"Az els\u0151 heged\u0171t sosem felejted el - \u00edgy v\u00e1laszd ki a megfelel\u0151t - Akordaj","description":"A gyermeke heged\u0171j\u00e9nek megfelel\u0151 m\u00e9ret\u00e9nek kiv\u00e1laszt\u00e1sa l\u00e9tfontoss\u00e1g\u00fa szempont az \u00faj zenei utaz\u00e1s megkezd\u00e9s\u00e9hez.","robots":{"index":"index","follow":"follow","max-snippet":"max-snippet:-1","max-image-preview":"max-image-preview:large","max-video-preview":"max-video-preview:-1"},"canonical":"http:\/\/akordaj.ro\/hu\/az-elso-hegedut-sosem-felejted-e-igy-valaszd-ki-a-megfelelot\/","og_locale":"hu_HU","og_type":"article","og_title":"Az els\u0151 heged\u0171t sosem felejted el - \u00edgy v\u00e1laszd ki a megfelel\u0151t - Akordaj","og_description":"A gyermeke heged\u0171j\u00e9nek megfelel\u0151 m\u00e9ret\u00e9nek kiv\u00e1laszt\u00e1sa l\u00e9tfontoss\u00e1g\u00fa szempont az \u00faj zenei utaz\u00e1s megkezd\u00e9s\u00e9hez.","og_url":"http:\/\/akordaj.ro\/hu\/az-elso-hegedut-sosem-felejted-e-igy-valaszd-ki-a-megfelelot\/","og_site_name":"Akordaj","article_published_time":"2024-10-19T13:41:24+00:00","article_modified_time":"2025-02-20T11:47:52+00:00","og_image":[{"width":1366,"height":768,"url":"https:\/\/akordaj.ro\/wp-content\/uploads\/2024\/10\/vioara-pentru-copii.jpg","type":"image\/jpeg"}],"author":"Madalina","twitter_card":"summary_large_image","twitter_misc":{"Szerz\u0151:":"Madalina","Becs\u00fclt olvas\u00e1si id\u0151":"1 perc"},"schema":{"@context":"https:\/\/schema.org","@graph":[{"@type":"WebPage","@id":"http:\/\/akordaj.ro\/hu\/az-elso-hegedut-sosem-felejted-e-igy-valaszd-ki-a-megfelelot\/","url":"http:\/\/akordaj.ro\/hu\/az-elso-hegedut-sosem-felejted-e-igy-valaszd-ki-a-megfelelot\/","name":"Az els\u0151 heged\u0171t sosem felejted el - \u00edgy v\u00e1laszd ki a megfelel\u0151t - Akordaj","isPartOf":{"@id":"http:\/\/akordaj.ro\/hu\/#website"},"primaryImageOfPage":{"@id":"http:\/\/akordaj.ro\/hu\/az-elso-hegedut-sosem-felejted-e-igy-valaszd-ki-a-megfelelot\/#primaryimage"},"image":{"@id":"http:\/\/akordaj.ro\/hu\/az-elso-hegedut-sosem-felejted-e-igy-valaszd-ki-a-megfelelot\/#primaryimage"},"thumbnailUrl":"http:\/\/akordaj.ro\/wp-content\/uploads\/2024\/10\/vioara-pentru-copii.jpg","datePublished":"2024-10-19T13:41:24+00:00","dateModified":"2025-02-20T11:47:52+00:00","author":{"@id":"http:\/\/akordaj.ro\/hu\/#\/schema\/person\/2352039fbe9a0904b4597c4c8c4c3cc5"},"description":"A gyermeke heged\u0171j\u00e9nek megfelel\u0151 m\u00e9ret\u00e9nek kiv\u00e1laszt\u00e1sa l\u00e9tfontoss\u00e1g\u00fa szempont az \u00faj zenei utaz\u00e1s megkezd\u00e9s\u00e9hez.","breadcrumb":{"@id":"http:\/\/akordaj.ro\/hu\/az-elso-hegedut-sosem-felejted-e-igy-valaszd-ki-a-megfelelot\/#breadcrumb"},"inLanguage":"hu","potentialAction":[{"@type":"ReadAction","target":["http:\/\/akordaj.ro\/hu\/az-elso-hegedut-sosem-felejted-e-igy-valaszd-ki-a-megfelelot\/"]}]},{"@type":"ImageObject","inLanguage":"hu","@id":"http:\/\/akordaj.ro\/hu\/az-elso-hegedut-sosem-felejted-e-igy-valaszd-ki-a-megfelelot\/#primaryimage","url":"http:\/\/akordaj.ro\/wp-content\/uploads\/2024\/10\/vioara-pentru-copii.jpg","contentUrl":"http:\/\/akordaj.ro\/wp-content\/uploads\/2024\/10\/vioara-pentru-copii.jpg","width":1366,"height":768,"caption":"Prima vioar\u0103 nu se uit\u0103 niciodat\u0103 - uite cum o alegi pe cea potrivit\u0103"},{"@type":"BreadcrumbList","@id":"http:\/\/akordaj.ro\/hu\/az-elso-hegedut-sosem-felejted-e-igy-valaszd-ki-a-megfelelot\/#breadcrumb","itemListElement":[{"@type":"ListItem","position":1,"name":"Home","item":"http:\/\/akordaj.ro\/hu\/"},{"@type":"ListItem","position":2,"name":"Az els\u0151 heged\u0171t sosem felejted el &#8211; \u00edgy v\u00e1laszd ki a megfelel\u0151t"}]},{"@type":"WebSite","@id":"http:\/\/akordaj.ro\/hu\/#website","url":"http:\/\/akordaj.ro\/hu\/","name":"Akordaj","description":"","potentialAction":[{"@type":"SearchAction","target":{"@type":"EntryPoint","urlTemplate":"http:\/\/akordaj.ro\/hu\/?s={search_term_string}"},"query-input":{"@type":"PropertyValueSpecification","valueRequired":true,"valueName":"search_term_string"}}],"inLanguage":"hu"},{"@type":"Person","@id":"http:\/\/akordaj.ro\/hu\/#\/schema\/person\/2352039fbe9a0904b4597c4c8c4c3cc5","name":"Madalina","url":"http:\/\/akordaj.ro\/hu\/author\/trib2pr\/"}]}},"_links":{"self":[{"href":"http:\/\/akordaj.ro\/hu\/wp-json\/wp\/v2\/posts\/2731","targetHints":{"allow":["GET"]}}],"collection":[{"href":"http:\/\/akordaj.ro\/hu\/wp-json\/wp\/v2\/posts"}],"about":[{"href":"http:\/\/akordaj.ro\/hu\/wp-json\/wp\/v2\/types\/post"}],"author":[{"embeddable":true,"href":"http:\/\/akordaj.ro\/hu\/wp-json\/wp\/v2\/users\/3"}],"replies":[{"embeddable":true,"href":"http:\/\/akordaj.ro\/hu\/wp-json\/wp\/v2\/comments?post=2731"}],"version-history":[{"count":2,"href":"http:\/\/akordaj.ro\/hu\/wp-json\/wp\/v2\/posts\/2731\/revisions"}],"predecessor-version":[{"id":2733,"href":"http:\/\/akordaj.ro\/hu\/wp-json\/wp\/v2\/posts\/2731\/revisions\/2733"}],"wp:featuredmedia":[{"embeddable":true,"href":"http:\/\/akordaj.ro\/hu\/wp-json\/wp\/v2\/media\/553"}],"wp:attachment":[{"href":"http:\/\/akordaj.ro\/hu\/wp-json\/wp\/v2\/media?parent=2731"}],"wp:term":[{"taxonomy":"category","embeddable":true,"href":"http:\/\/akordaj.ro\/hu\/wp-json\/wp\/v2\/categories?post=2731"},{"taxonomy":"post_tag","embeddable":true,"href":"http:\/\/akordaj.ro\/hu\/wp-json\/wp\/v2\/tags?post=2731"}],"curies":[{"name":"wp","href":"https:\/\/api.w.org\/{rel}","templated":true}]}}