{"id":2725,"date":"2024-10-21T12:21:06","date_gmt":"2024-10-21T12:21:06","guid":{"rendered":"https:\/\/akordaj.ro\/georges-bizet-din-sevilla-cu-dragoste\/"},"modified":"2025-02-20T11:37:43","modified_gmt":"2025-02-20T11:37:43","slug":"georges-bizet-sevillabol-szeretettel","status":"publish","type":"post","link":"http:\/\/akordaj.ro\/hu\/georges-bizet-sevillabol-szeretettel\/","title":{"rendered":"Georges Bizet. Sevill\u00e1b\u00f3l, szeretettel"},"content":{"rendered":"","protected":false},"excerpt":{"rendered":"","protected":false},"author":3,"featured_media":563,"comment_status":"closed","ping_status":"closed","sticky":false,"template":"","format":"standard","meta":{"_acf_changed":false,"footnotes":""},"categories":[121,108],"tags":[],"class_list":["post-2725","post","type-post","status-publish","format-standard","has-post-thumbnail","hentry","category-muvek","category-zeneszerzok"],"acf":[],"yoast_head":"<!-- This site is optimized with the Yoast SEO plugin v26.6 - https:\/\/yoast.com\/wordpress\/plugins\/seo\/ -->\n<title>Georges Bizet. Sevill\u00e1b\u00f3l, szeretettel - Akordaj<\/title>\n<meta name=\"description\" content=\"Georges Bizet Carmenje tal\u00e1n az egyik legmeggy\u0151z\u0151bb \u00e9s legintenz\u00edvebb t\u00f6rt\u00e9net a romantikus reperto\u00e1rban.\" \/>\n<meta name=\"robots\" content=\"index, follow, max-snippet:-1, max-image-preview:large, max-video-preview:-1\" \/>\n<link rel=\"canonical\" href=\"http:\/\/akordaj.ro\/hu\/georges-bizet-sevillabol-szeretettel\/\" \/>\n<meta property=\"og:locale\" content=\"hu_HU\" \/>\n<meta property=\"og:type\" content=\"article\" \/>\n<meta property=\"og:title\" content=\"Georges Bizet. Sevill\u00e1b\u00f3l, szeretettel - Akordaj\" \/>\n<meta property=\"og:description\" content=\"Georges Bizet Carmenje tal\u00e1n az egyik legmeggy\u0151z\u0151bb \u00e9s legintenz\u00edvebb t\u00f6rt\u00e9net a romantikus reperto\u00e1rban.\" \/>\n<meta property=\"og:url\" content=\"http:\/\/akordaj.ro\/hu\/georges-bizet-sevillabol-szeretettel\/\" \/>\n<meta property=\"og:site_name\" content=\"Akordaj\" \/>\n<meta property=\"article:published_time\" content=\"2024-10-21T12:21:06+00:00\" \/>\n<meta property=\"article:modified_time\" content=\"2025-02-20T11:37:43+00:00\" \/>\n<meta property=\"og:image\" content=\"http:\/\/akordaj.ro\/wp-content\/uploads\/2024\/10\/georges-bizet-carmen.jpg\" \/>\n\t<meta property=\"og:image:width\" content=\"1366\" \/>\n\t<meta property=\"og:image:height\" content=\"768\" \/>\n\t<meta property=\"og:image:type\" content=\"image\/jpeg\" \/>\n<meta name=\"author\" content=\"Madalina\" \/>\n<meta name=\"twitter:card\" content=\"summary_large_image\" \/>\n<meta name=\"twitter:label1\" content=\"Szerz\u0151:\" \/>\n\t<meta name=\"twitter:data1\" content=\"Madalina\" \/>\n\t<meta name=\"twitter:label2\" content=\"Becs\u00fclt olvas\u00e1si id\u0151\" \/>\n\t<meta name=\"twitter:data2\" content=\"1 perc\" \/>\n<script type=\"application\/ld+json\" class=\"yoast-schema-graph\">{\"@context\":\"https:\/\/schema.org\",\"@graph\":[{\"@type\":\"WebPage\",\"@id\":\"http:\/\/akordaj.ro\/hu\/georges-bizet-sevillabol-szeretettel\/\",\"url\":\"http:\/\/akordaj.ro\/hu\/georges-bizet-sevillabol-szeretettel\/\",\"name\":\"Georges Bizet. Sevill\u00e1b\u00f3l, szeretettel - Akordaj\",\"isPartOf\":{\"@id\":\"http:\/\/akordaj.ro\/hu\/#website\"},\"primaryImageOfPage\":{\"@id\":\"http:\/\/akordaj.ro\/hu\/georges-bizet-sevillabol-szeretettel\/#primaryimage\"},\"image\":{\"@id\":\"http:\/\/akordaj.ro\/hu\/georges-bizet-sevillabol-szeretettel\/#primaryimage\"},\"thumbnailUrl\":\"http:\/\/akordaj.ro\/wp-content\/uploads\/2024\/10\/georges-bizet-carmen.jpg\",\"datePublished\":\"2024-10-21T12:21:06+00:00\",\"dateModified\":\"2025-02-20T11:37:43+00:00\",\"author\":{\"@id\":\"http:\/\/akordaj.ro\/hu\/#\/schema\/person\/2352039fbe9a0904b4597c4c8c4c3cc5\"},\"description\":\"Georges Bizet Carmenje tal\u00e1n az egyik legmeggy\u0151z\u0151bb \u00e9s legintenz\u00edvebb t\u00f6rt\u00e9net a romantikus reperto\u00e1rban.\",\"breadcrumb\":{\"@id\":\"http:\/\/akordaj.ro\/hu\/georges-bizet-sevillabol-szeretettel\/#breadcrumb\"},\"inLanguage\":\"hu\",\"potentialAction\":[{\"@type\":\"ReadAction\",\"target\":[\"http:\/\/akordaj.ro\/hu\/georges-bizet-sevillabol-szeretettel\/\"]}]},{\"@type\":\"ImageObject\",\"inLanguage\":\"hu\",\"@id\":\"http:\/\/akordaj.ro\/hu\/georges-bizet-sevillabol-szeretettel\/#primaryimage\",\"url\":\"http:\/\/akordaj.ro\/wp-content\/uploads\/2024\/10\/georges-bizet-carmen.jpg\",\"contentUrl\":\"http:\/\/akordaj.ro\/wp-content\/uploads\/2024\/10\/georges-bizet-carmen.jpg\",\"width\":1366,\"height\":768,\"caption\":\"Georges Bizet. Din Sevilla, cu dragoste\"},{\"@type\":\"BreadcrumbList\",\"@id\":\"http:\/\/akordaj.ro\/hu\/georges-bizet-sevillabol-szeretettel\/#breadcrumb\",\"itemListElement\":[{\"@type\":\"ListItem\",\"position\":1,\"name\":\"Home\",\"item\":\"https:\/\/akordaj.ro\/hu\/\"},{\"@type\":\"ListItem\",\"position\":2,\"name\":\"Georges Bizet. Sevill\u00e1b\u00f3l, szeretettel\"}]},{\"@type\":\"WebSite\",\"@id\":\"http:\/\/akordaj.ro\/hu\/#website\",\"url\":\"http:\/\/akordaj.ro\/hu\/\",\"name\":\"Akordaj\",\"description\":\"\",\"potentialAction\":[{\"@type\":\"SearchAction\",\"target\":{\"@type\":\"EntryPoint\",\"urlTemplate\":\"http:\/\/akordaj.ro\/hu\/?s={search_term_string}\"},\"query-input\":{\"@type\":\"PropertyValueSpecification\",\"valueRequired\":true,\"valueName\":\"search_term_string\"}}],\"inLanguage\":\"hu\"},{\"@type\":\"Person\",\"@id\":\"http:\/\/akordaj.ro\/hu\/#\/schema\/person\/2352039fbe9a0904b4597c4c8c4c3cc5\",\"name\":\"Madalina\",\"url\":\"http:\/\/akordaj.ro\/hu\/author\/trib2pr\/\"}]}<\/script>\n<!-- \/ Yoast SEO plugin. -->","yoast_head_json":{"title":"Georges Bizet. Sevill\u00e1b\u00f3l, szeretettel - Akordaj","description":"Georges Bizet Carmenje tal\u00e1n az egyik legmeggy\u0151z\u0151bb \u00e9s legintenz\u00edvebb t\u00f6rt\u00e9net a romantikus reperto\u00e1rban.","robots":{"index":"index","follow":"follow","max-snippet":"max-snippet:-1","max-image-preview":"max-image-preview:large","max-video-preview":"max-video-preview:-1"},"canonical":"http:\/\/akordaj.ro\/hu\/georges-bizet-sevillabol-szeretettel\/","og_locale":"hu_HU","og_type":"article","og_title":"Georges Bizet. Sevill\u00e1b\u00f3l, szeretettel - Akordaj","og_description":"Georges Bizet Carmenje tal\u00e1n az egyik legmeggy\u0151z\u0151bb \u00e9s legintenz\u00edvebb t\u00f6rt\u00e9net a romantikus reperto\u00e1rban.","og_url":"http:\/\/akordaj.ro\/hu\/georges-bizet-sevillabol-szeretettel\/","og_site_name":"Akordaj","article_published_time":"2024-10-21T12:21:06+00:00","article_modified_time":"2025-02-20T11:37:43+00:00","og_image":[{"width":1366,"height":768,"url":"http:\/\/akordaj.ro\/wp-content\/uploads\/2024\/10\/georges-bizet-carmen.jpg","type":"image\/jpeg"}],"author":"Madalina","twitter_card":"summary_large_image","twitter_misc":{"Szerz\u0151:":"Madalina","Becs\u00fclt olvas\u00e1si id\u0151":"1 perc"},"schema":{"@context":"https:\/\/schema.org","@graph":[{"@type":"WebPage","@id":"http:\/\/akordaj.ro\/hu\/georges-bizet-sevillabol-szeretettel\/","url":"http:\/\/akordaj.ro\/hu\/georges-bizet-sevillabol-szeretettel\/","name":"Georges Bizet. Sevill\u00e1b\u00f3l, szeretettel - Akordaj","isPartOf":{"@id":"http:\/\/akordaj.ro\/hu\/#website"},"primaryImageOfPage":{"@id":"http:\/\/akordaj.ro\/hu\/georges-bizet-sevillabol-szeretettel\/#primaryimage"},"image":{"@id":"http:\/\/akordaj.ro\/hu\/georges-bizet-sevillabol-szeretettel\/#primaryimage"},"thumbnailUrl":"http:\/\/akordaj.ro\/wp-content\/uploads\/2024\/10\/georges-bizet-carmen.jpg","datePublished":"2024-10-21T12:21:06+00:00","dateModified":"2025-02-20T11:37:43+00:00","author":{"@id":"http:\/\/akordaj.ro\/hu\/#\/schema\/person\/2352039fbe9a0904b4597c4c8c4c3cc5"},"description":"Georges Bizet Carmenje tal\u00e1n az egyik legmeggy\u0151z\u0151bb \u00e9s legintenz\u00edvebb t\u00f6rt\u00e9net a romantikus reperto\u00e1rban.","breadcrumb":{"@id":"http:\/\/akordaj.ro\/hu\/georges-bizet-sevillabol-szeretettel\/#breadcrumb"},"inLanguage":"hu","potentialAction":[{"@type":"ReadAction","target":["http:\/\/akordaj.ro\/hu\/georges-bizet-sevillabol-szeretettel\/"]}]},{"@type":"ImageObject","inLanguage":"hu","@id":"http:\/\/akordaj.ro\/hu\/georges-bizet-sevillabol-szeretettel\/#primaryimage","url":"http:\/\/akordaj.ro\/wp-content\/uploads\/2024\/10\/georges-bizet-carmen.jpg","contentUrl":"http:\/\/akordaj.ro\/wp-content\/uploads\/2024\/10\/georges-bizet-carmen.jpg","width":1366,"height":768,"caption":"Georges Bizet. Din Sevilla, cu dragoste"},{"@type":"BreadcrumbList","@id":"http:\/\/akordaj.ro\/hu\/georges-bizet-sevillabol-szeretettel\/#breadcrumb","itemListElement":[{"@type":"ListItem","position":1,"name":"Home","item":"https:\/\/akordaj.ro\/hu\/"},{"@type":"ListItem","position":2,"name":"Georges Bizet. Sevill\u00e1b\u00f3l, szeretettel"}]},{"@type":"WebSite","@id":"http:\/\/akordaj.ro\/hu\/#website","url":"http:\/\/akordaj.ro\/hu\/","name":"Akordaj","description":"","potentialAction":[{"@type":"SearchAction","target":{"@type":"EntryPoint","urlTemplate":"http:\/\/akordaj.ro\/hu\/?s={search_term_string}"},"query-input":{"@type":"PropertyValueSpecification","valueRequired":true,"valueName":"search_term_string"}}],"inLanguage":"hu"},{"@type":"Person","@id":"http:\/\/akordaj.ro\/hu\/#\/schema\/person\/2352039fbe9a0904b4597c4c8c4c3cc5","name":"Madalina","url":"http:\/\/akordaj.ro\/hu\/author\/trib2pr\/"}]}},"_links":{"self":[{"href":"http:\/\/akordaj.ro\/hu\/wp-json\/wp\/v2\/posts\/2725","targetHints":{"allow":["GET"]}}],"collection":[{"href":"http:\/\/akordaj.ro\/hu\/wp-json\/wp\/v2\/posts"}],"about":[{"href":"http:\/\/akordaj.ro\/hu\/wp-json\/wp\/v2\/types\/post"}],"author":[{"embeddable":true,"href":"http:\/\/akordaj.ro\/hu\/wp-json\/wp\/v2\/users\/3"}],"replies":[{"embeddable":true,"href":"http:\/\/akordaj.ro\/hu\/wp-json\/wp\/v2\/comments?post=2725"}],"version-history":[{"count":2,"href":"http:\/\/akordaj.ro\/hu\/wp-json\/wp\/v2\/posts\/2725\/revisions"}],"predecessor-version":[{"id":2727,"href":"http:\/\/akordaj.ro\/hu\/wp-json\/wp\/v2\/posts\/2725\/revisions\/2727"}],"wp:featuredmedia":[{"embeddable":true,"href":"http:\/\/akordaj.ro\/hu\/wp-json\/wp\/v2\/media\/563"}],"wp:attachment":[{"href":"http:\/\/akordaj.ro\/hu\/wp-json\/wp\/v2\/media?parent=2725"}],"wp:term":[{"taxonomy":"category","embeddable":true,"href":"http:\/\/akordaj.ro\/hu\/wp-json\/wp\/v2\/categories?post=2725"},{"taxonomy":"post_tag","embeddable":true,"href":"http:\/\/akordaj.ro\/hu\/wp-json\/wp\/v2\/tags?post=2725"}],"curies":[{"name":"wp","href":"https:\/\/api.w.org\/{rel}","templated":true}]}}