{"id":2722,"date":"2024-10-22T12:50:25","date_gmt":"2024-10-22T12:50:25","guid":{"rendered":"https:\/\/akordaj.ro\/cat-de-departe-ai-merge-pentru-a-interpreta-monteverdi\/"},"modified":"2025-02-20T11:31:59","modified_gmt":"2025-02-20T11:31:59","slug":"meddig-mennel-el-monteverdi-ertelmezeseert","status":"publish","type":"post","link":"http:\/\/akordaj.ro\/hu\/meddig-mennel-el-monteverdi-ertelmezeseert\/","title":{"rendered":"Meddig menn\u00e9l el Monteverdi \u00e9rtelmez\u00e9s\u00e9\u00e9rt?"},"content":{"rendered":"","protected":false},"excerpt":{"rendered":"","protected":false},"author":3,"featured_media":567,"comment_status":"closed","ping_status":"closed","sticky":false,"template":"","format":"standard","meta":{"_acf_changed":false,"footnotes":""},"categories":[108],"tags":[],"class_list":["post-2722","post","type-post","status-publish","format-standard","has-post-thumbnail","hentry","category-zeneszerzok"],"acf":[],"yoast_head":"<!-- This site is optimized with the Yoast SEO plugin v26.6 - https:\/\/yoast.com\/wordpress\/plugins\/seo\/ -->\n<title>Meddig menn\u00e9l el Monteverdi \u00e9rtelmez\u00e9s\u00e9\u00e9rt? - Akordaj<\/title>\n<meta name=\"description\" content=\"Claudio Monteverdi 1567-ben sz\u00fcletett Cremon\u00e1ban, egy fest\u0151i \u00e9szak-it\u00e1liai v\u00e1rosban, az eur\u00f3pai kultur\u00e1lis \u00e9s vall\u00e1si v\u00e1ltoz\u00e1sok m\u00e9lyrehat\u00f3 id\u0151szak\u00e1ban.\" \/>\n<meta name=\"robots\" content=\"index, follow, max-snippet:-1, max-image-preview:large, max-video-preview:-1\" \/>\n<link rel=\"canonical\" href=\"http:\/\/akordaj.ro\/hu\/meddig-mennel-el-monteverdi-ertelmezeseert\/\" \/>\n<meta property=\"og:locale\" content=\"hu_HU\" \/>\n<meta property=\"og:type\" content=\"article\" \/>\n<meta property=\"og:title\" content=\"Meddig menn\u00e9l el Monteverdi \u00e9rtelmez\u00e9s\u00e9\u00e9rt? - Akordaj\" \/>\n<meta property=\"og:description\" content=\"Claudio Monteverdi 1567-ben sz\u00fcletett Cremon\u00e1ban, egy fest\u0151i \u00e9szak-it\u00e1liai v\u00e1rosban, az eur\u00f3pai kultur\u00e1lis \u00e9s vall\u00e1si v\u00e1ltoz\u00e1sok m\u00e9lyrehat\u00f3 id\u0151szak\u00e1ban.\" \/>\n<meta property=\"og:url\" content=\"http:\/\/akordaj.ro\/hu\/meddig-mennel-el-monteverdi-ertelmezeseert\/\" \/>\n<meta property=\"og:site_name\" content=\"Akordaj\" \/>\n<meta property=\"article:published_time\" content=\"2024-10-22T12:50:25+00:00\" \/>\n<meta property=\"article:modified_time\" content=\"2025-02-20T11:31:59+00:00\" \/>\n<meta property=\"og:image\" content=\"https:\/\/akordaj.ro\/wp-content\/uploads\/2024\/10\/claudio-monteverdi.jpg\" \/>\n\t<meta property=\"og:image:width\" content=\"670\" \/>\n\t<meta property=\"og:image:height\" content=\"670\" \/>\n\t<meta property=\"og:image:type\" content=\"image\/jpeg\" \/>\n<meta name=\"author\" content=\"Madalina\" \/>\n<meta name=\"twitter:card\" content=\"summary_large_image\" \/>\n<meta name=\"twitter:label1\" content=\"Szerz\u0151:\" \/>\n\t<meta name=\"twitter:data1\" content=\"Madalina\" \/>\n\t<meta name=\"twitter:label2\" content=\"Becs\u00fclt olvas\u00e1si id\u0151\" \/>\n\t<meta name=\"twitter:data2\" content=\"1 perc\" \/>\n<script type=\"application\/ld+json\" class=\"yoast-schema-graph\">{\"@context\":\"https:\/\/schema.org\",\"@graph\":[{\"@type\":\"WebPage\",\"@id\":\"http:\/\/akordaj.ro\/hu\/meddig-mennel-el-monteverdi-ertelmezeseert\/\",\"url\":\"http:\/\/akordaj.ro\/hu\/meddig-mennel-el-monteverdi-ertelmezeseert\/\",\"name\":\"Meddig menn\u00e9l el Monteverdi \u00e9rtelmez\u00e9s\u00e9\u00e9rt? - Akordaj\",\"isPartOf\":{\"@id\":\"http:\/\/akordaj.ro\/hu\/#website\"},\"primaryImageOfPage\":{\"@id\":\"http:\/\/akordaj.ro\/hu\/meddig-mennel-el-monteverdi-ertelmezeseert\/#primaryimage\"},\"image\":{\"@id\":\"http:\/\/akordaj.ro\/hu\/meddig-mennel-el-monteverdi-ertelmezeseert\/#primaryimage\"},\"thumbnailUrl\":\"http:\/\/akordaj.ro\/wp-content\/uploads\/2024\/10\/claudio-monteverdi.jpg\",\"datePublished\":\"2024-10-22T12:50:25+00:00\",\"dateModified\":\"2025-02-20T11:31:59+00:00\",\"author\":{\"@id\":\"http:\/\/akordaj.ro\/hu\/#\/schema\/person\/2352039fbe9a0904b4597c4c8c4c3cc5\"},\"description\":\"Claudio Monteverdi 1567-ben sz\u00fcletett Cremon\u00e1ban, egy fest\u0151i \u00e9szak-it\u00e1liai v\u00e1rosban, az eur\u00f3pai kultur\u00e1lis \u00e9s vall\u00e1si v\u00e1ltoz\u00e1sok m\u00e9lyrehat\u00f3 id\u0151szak\u00e1ban.\",\"breadcrumb\":{\"@id\":\"http:\/\/akordaj.ro\/hu\/meddig-mennel-el-monteverdi-ertelmezeseert\/#breadcrumb\"},\"inLanguage\":\"hu\",\"potentialAction\":[{\"@type\":\"ReadAction\",\"target\":[\"http:\/\/akordaj.ro\/hu\/meddig-mennel-el-monteverdi-ertelmezeseert\/\"]}]},{\"@type\":\"ImageObject\",\"inLanguage\":\"hu\",\"@id\":\"http:\/\/akordaj.ro\/hu\/meddig-mennel-el-monteverdi-ertelmezeseert\/#primaryimage\",\"url\":\"http:\/\/akordaj.ro\/wp-content\/uploads\/2024\/10\/claudio-monteverdi.jpg\",\"contentUrl\":\"http:\/\/akordaj.ro\/wp-content\/uploads\/2024\/10\/claudio-monteverdi.jpg\",\"width\":670,\"height\":670,\"caption\":\"C\u00e2t de departe ai merge pentru a interpreta Monteverdi? O poveste despre sacrificii \u0219i mutilare con\u0219tient\u0103\"},{\"@type\":\"BreadcrumbList\",\"@id\":\"http:\/\/akordaj.ro\/hu\/meddig-mennel-el-monteverdi-ertelmezeseert\/#breadcrumb\",\"itemListElement\":[{\"@type\":\"ListItem\",\"position\":1,\"name\":\"Home\",\"item\":\"https:\/\/akordaj.ro\/hu\/\"},{\"@type\":\"ListItem\",\"position\":2,\"name\":\"Meddig menn\u00e9l el Monteverdi \u00e9rtelmez\u00e9s\u00e9\u00e9rt?\"}]},{\"@type\":\"WebSite\",\"@id\":\"http:\/\/akordaj.ro\/hu\/#website\",\"url\":\"http:\/\/akordaj.ro\/hu\/\",\"name\":\"Akordaj\",\"description\":\"\",\"potentialAction\":[{\"@type\":\"SearchAction\",\"target\":{\"@type\":\"EntryPoint\",\"urlTemplate\":\"http:\/\/akordaj.ro\/hu\/?s={search_term_string}\"},\"query-input\":{\"@type\":\"PropertyValueSpecification\",\"valueRequired\":true,\"valueName\":\"search_term_string\"}}],\"inLanguage\":\"hu\"},{\"@type\":\"Person\",\"@id\":\"http:\/\/akordaj.ro\/hu\/#\/schema\/person\/2352039fbe9a0904b4597c4c8c4c3cc5\",\"name\":\"Madalina\",\"url\":\"http:\/\/akordaj.ro\/hu\/author\/trib2pr\/\"}]}<\/script>\n<!-- \/ Yoast SEO plugin. -->","yoast_head_json":{"title":"Meddig menn\u00e9l el Monteverdi \u00e9rtelmez\u00e9s\u00e9\u00e9rt? - Akordaj","description":"Claudio Monteverdi 1567-ben sz\u00fcletett Cremon\u00e1ban, egy fest\u0151i \u00e9szak-it\u00e1liai v\u00e1rosban, az eur\u00f3pai kultur\u00e1lis \u00e9s vall\u00e1si v\u00e1ltoz\u00e1sok m\u00e9lyrehat\u00f3 id\u0151szak\u00e1ban.","robots":{"index":"index","follow":"follow","max-snippet":"max-snippet:-1","max-image-preview":"max-image-preview:large","max-video-preview":"max-video-preview:-1"},"canonical":"http:\/\/akordaj.ro\/hu\/meddig-mennel-el-monteverdi-ertelmezeseert\/","og_locale":"hu_HU","og_type":"article","og_title":"Meddig menn\u00e9l el Monteverdi \u00e9rtelmez\u00e9s\u00e9\u00e9rt? - Akordaj","og_description":"Claudio Monteverdi 1567-ben sz\u00fcletett Cremon\u00e1ban, egy fest\u0151i \u00e9szak-it\u00e1liai v\u00e1rosban, az eur\u00f3pai kultur\u00e1lis \u00e9s vall\u00e1si v\u00e1ltoz\u00e1sok m\u00e9lyrehat\u00f3 id\u0151szak\u00e1ban.","og_url":"http:\/\/akordaj.ro\/hu\/meddig-mennel-el-monteverdi-ertelmezeseert\/","og_site_name":"Akordaj","article_published_time":"2024-10-22T12:50:25+00:00","article_modified_time":"2025-02-20T11:31:59+00:00","og_image":[{"width":670,"height":670,"url":"https:\/\/akordaj.ro\/wp-content\/uploads\/2024\/10\/claudio-monteverdi.jpg","type":"image\/jpeg"}],"author":"Madalina","twitter_card":"summary_large_image","twitter_misc":{"Szerz\u0151:":"Madalina","Becs\u00fclt olvas\u00e1si id\u0151":"1 perc"},"schema":{"@context":"https:\/\/schema.org","@graph":[{"@type":"WebPage","@id":"http:\/\/akordaj.ro\/hu\/meddig-mennel-el-monteverdi-ertelmezeseert\/","url":"http:\/\/akordaj.ro\/hu\/meddig-mennel-el-monteverdi-ertelmezeseert\/","name":"Meddig menn\u00e9l el Monteverdi \u00e9rtelmez\u00e9s\u00e9\u00e9rt? - Akordaj","isPartOf":{"@id":"http:\/\/akordaj.ro\/hu\/#website"},"primaryImageOfPage":{"@id":"http:\/\/akordaj.ro\/hu\/meddig-mennel-el-monteverdi-ertelmezeseert\/#primaryimage"},"image":{"@id":"http:\/\/akordaj.ro\/hu\/meddig-mennel-el-monteverdi-ertelmezeseert\/#primaryimage"},"thumbnailUrl":"http:\/\/akordaj.ro\/wp-content\/uploads\/2024\/10\/claudio-monteverdi.jpg","datePublished":"2024-10-22T12:50:25+00:00","dateModified":"2025-02-20T11:31:59+00:00","author":{"@id":"http:\/\/akordaj.ro\/hu\/#\/schema\/person\/2352039fbe9a0904b4597c4c8c4c3cc5"},"description":"Claudio Monteverdi 1567-ben sz\u00fcletett Cremon\u00e1ban, egy fest\u0151i \u00e9szak-it\u00e1liai v\u00e1rosban, az eur\u00f3pai kultur\u00e1lis \u00e9s vall\u00e1si v\u00e1ltoz\u00e1sok m\u00e9lyrehat\u00f3 id\u0151szak\u00e1ban.","breadcrumb":{"@id":"http:\/\/akordaj.ro\/hu\/meddig-mennel-el-monteverdi-ertelmezeseert\/#breadcrumb"},"inLanguage":"hu","potentialAction":[{"@type":"ReadAction","target":["http:\/\/akordaj.ro\/hu\/meddig-mennel-el-monteverdi-ertelmezeseert\/"]}]},{"@type":"ImageObject","inLanguage":"hu","@id":"http:\/\/akordaj.ro\/hu\/meddig-mennel-el-monteverdi-ertelmezeseert\/#primaryimage","url":"http:\/\/akordaj.ro\/wp-content\/uploads\/2024\/10\/claudio-monteverdi.jpg","contentUrl":"http:\/\/akordaj.ro\/wp-content\/uploads\/2024\/10\/claudio-monteverdi.jpg","width":670,"height":670,"caption":"C\u00e2t de departe ai merge pentru a interpreta Monteverdi? O poveste despre sacrificii \u0219i mutilare con\u0219tient\u0103"},{"@type":"BreadcrumbList","@id":"http:\/\/akordaj.ro\/hu\/meddig-mennel-el-monteverdi-ertelmezeseert\/#breadcrumb","itemListElement":[{"@type":"ListItem","position":1,"name":"Home","item":"https:\/\/akordaj.ro\/hu\/"},{"@type":"ListItem","position":2,"name":"Meddig menn\u00e9l el Monteverdi \u00e9rtelmez\u00e9s\u00e9\u00e9rt?"}]},{"@type":"WebSite","@id":"http:\/\/akordaj.ro\/hu\/#website","url":"http:\/\/akordaj.ro\/hu\/","name":"Akordaj","description":"","potentialAction":[{"@type":"SearchAction","target":{"@type":"EntryPoint","urlTemplate":"http:\/\/akordaj.ro\/hu\/?s={search_term_string}"},"query-input":{"@type":"PropertyValueSpecification","valueRequired":true,"valueName":"search_term_string"}}],"inLanguage":"hu"},{"@type":"Person","@id":"http:\/\/akordaj.ro\/hu\/#\/schema\/person\/2352039fbe9a0904b4597c4c8c4c3cc5","name":"Madalina","url":"http:\/\/akordaj.ro\/hu\/author\/trib2pr\/"}]}},"_links":{"self":[{"href":"http:\/\/akordaj.ro\/hu\/wp-json\/wp\/v2\/posts\/2722","targetHints":{"allow":["GET"]}}],"collection":[{"href":"http:\/\/akordaj.ro\/hu\/wp-json\/wp\/v2\/posts"}],"about":[{"href":"http:\/\/akordaj.ro\/hu\/wp-json\/wp\/v2\/types\/post"}],"author":[{"embeddable":true,"href":"http:\/\/akordaj.ro\/hu\/wp-json\/wp\/v2\/users\/3"}],"replies":[{"embeddable":true,"href":"http:\/\/akordaj.ro\/hu\/wp-json\/wp\/v2\/comments?post=2722"}],"version-history":[{"count":2,"href":"http:\/\/akordaj.ro\/hu\/wp-json\/wp\/v2\/posts\/2722\/revisions"}],"predecessor-version":[{"id":2724,"href":"http:\/\/akordaj.ro\/hu\/wp-json\/wp\/v2\/posts\/2722\/revisions\/2724"}],"wp:featuredmedia":[{"embeddable":true,"href":"http:\/\/akordaj.ro\/hu\/wp-json\/wp\/v2\/media\/567"}],"wp:attachment":[{"href":"http:\/\/akordaj.ro\/hu\/wp-json\/wp\/v2\/media?parent=2722"}],"wp:term":[{"taxonomy":"category","embeddable":true,"href":"http:\/\/akordaj.ro\/hu\/wp-json\/wp\/v2\/categories?post=2722"},{"taxonomy":"post_tag","embeddable":true,"href":"http:\/\/akordaj.ro\/hu\/wp-json\/wp\/v2\/tags?post=2722"}],"curies":[{"name":"wp","href":"https:\/\/api.w.org\/{rel}","templated":true}]}}