{"id":2704,"date":"2024-12-28T11:40:28","date_gmt":"2024-12-28T11:40:28","guid":{"rendered":"https:\/\/akordaj.ro\/simbolistica-din-flautul-fermecat\/"},"modified":"2025-02-20T11:01:36","modified_gmt":"2025-02-20T11:01:36","slug":"szimbolizmus-a-varazsfuvolaban","status":"publish","type":"post","link":"http:\/\/akordaj.ro\/hu\/szimbolizmus-a-varazsfuvolaban\/","title":{"rendered":"Szimbolizmus A var\u00e1zsfuvol\u00e1ban"},"content":{"rendered":"","protected":false},"excerpt":{"rendered":"","protected":false},"author":2,"featured_media":577,"comment_status":"closed","ping_status":"closed","sticky":false,"template":"","format":"standard","meta":{"_acf_changed":false,"footnotes":""},"categories":[121,108],"tags":[],"class_list":["post-2704","post","type-post","status-publish","format-standard","has-post-thumbnail","hentry","category-muvek","category-zeneszerzok"],"acf":[],"yoast_head":"<!-- This site is optimized with the Yoast SEO plugin v26.6 - https:\/\/yoast.com\/wordpress\/plugins\/seo\/ -->\n<title>Szimbolizmus A var\u00e1zsfuvol\u00e1ban - Akordaj<\/title>\n<meta name=\"description\" content=\"Minden id\u0151k tal\u00e1n egyik leg\u00e9rdekesebb \u00e9s legrejt\u00e9lyesebb zeneszerz\u0151je Mozart. Att\u00f3l a zsenge kort\u00f3l kezdve, amikor els\u0151 m\u0171v\u00e9t \u00edrta, a zsenialit\u00e1sig, amellyel...\" \/>\n<meta name=\"robots\" content=\"index, follow, max-snippet:-1, max-image-preview:large, max-video-preview:-1\" \/>\n<link rel=\"canonical\" href=\"http:\/\/akordaj.ro\/hu\/szimbolizmus-a-varazsfuvolaban\/\" \/>\n<meta property=\"og:locale\" content=\"hu_HU\" \/>\n<meta property=\"og:type\" content=\"article\" \/>\n<meta property=\"og:title\" content=\"Szimbolizmus A var\u00e1zsfuvol\u00e1ban - Akordaj\" \/>\n<meta property=\"og:description\" content=\"Minden id\u0151k tal\u00e1n egyik leg\u00e9rdekesebb \u00e9s legrejt\u00e9lyesebb zeneszerz\u0151je Mozart. Att\u00f3l a zsenge kort\u00f3l kezdve, amikor els\u0151 m\u0171v\u00e9t \u00edrta, a zsenialit\u00e1sig, amellyel...\" \/>\n<meta property=\"og:url\" content=\"http:\/\/akordaj.ro\/hu\/szimbolizmus-a-varazsfuvolaban\/\" \/>\n<meta property=\"og:site_name\" content=\"Akordaj\" \/>\n<meta property=\"article:published_time\" content=\"2024-12-28T11:40:28+00:00\" \/>\n<meta property=\"article:modified_time\" content=\"2025-02-20T11:01:36+00:00\" \/>\n<meta property=\"og:image\" content=\"http:\/\/akordaj.ro\/wp-content\/uploads\/2024\/10\/mozart-flautul-fermecat.jpg\" \/>\n\t<meta property=\"og:image:width\" content=\"1708\" \/>\n\t<meta property=\"og:image:height\" content=\"960\" \/>\n\t<meta property=\"og:image:type\" content=\"image\/jpeg\" \/>\n<meta name=\"author\" content=\"Cristina Nagy\" \/>\n<meta name=\"twitter:card\" content=\"summary_large_image\" \/>\n<meta name=\"twitter:label1\" content=\"Szerz\u0151:\" \/>\n\t<meta name=\"twitter:data1\" content=\"Cristina Nagy\" \/>\n\t<meta name=\"twitter:label2\" content=\"Becs\u00fclt olvas\u00e1si id\u0151\" \/>\n\t<meta name=\"twitter:data2\" content=\"1 perc\" \/>\n<script type=\"application\/ld+json\" class=\"yoast-schema-graph\">{\"@context\":\"https:\/\/schema.org\",\"@graph\":[{\"@type\":\"WebPage\",\"@id\":\"http:\/\/akordaj.ro\/hu\/szimbolizmus-a-varazsfuvolaban\/\",\"url\":\"http:\/\/akordaj.ro\/hu\/szimbolizmus-a-varazsfuvolaban\/\",\"name\":\"Szimbolizmus A var\u00e1zsfuvol\u00e1ban - Akordaj\",\"isPartOf\":{\"@id\":\"http:\/\/akordaj.ro\/hu\/#website\"},\"primaryImageOfPage\":{\"@id\":\"http:\/\/akordaj.ro\/hu\/szimbolizmus-a-varazsfuvolaban\/#primaryimage\"},\"image\":{\"@id\":\"http:\/\/akordaj.ro\/hu\/szimbolizmus-a-varazsfuvolaban\/#primaryimage\"},\"thumbnailUrl\":\"http:\/\/akordaj.ro\/wp-content\/uploads\/2024\/10\/mozart-flautul-fermecat.jpg\",\"datePublished\":\"2024-12-28T11:40:28+00:00\",\"dateModified\":\"2025-02-20T11:01:36+00:00\",\"author\":{\"@id\":\"http:\/\/akordaj.ro\/hu\/#\/schema\/person\/db380b77b25899e5c68d48a1cacd0f5c\"},\"description\":\"Minden id\u0151k tal\u00e1n egyik leg\u00e9rdekesebb \u00e9s legrejt\u00e9lyesebb zeneszerz\u0151je Mozart. Att\u00f3l a zsenge kort\u00f3l kezdve, amikor els\u0151 m\u0171v\u00e9t \u00edrta, a zsenialit\u00e1sig, amellyel...\",\"breadcrumb\":{\"@id\":\"http:\/\/akordaj.ro\/hu\/szimbolizmus-a-varazsfuvolaban\/#breadcrumb\"},\"inLanguage\":\"hu\",\"potentialAction\":[{\"@type\":\"ReadAction\",\"target\":[\"http:\/\/akordaj.ro\/hu\/szimbolizmus-a-varazsfuvolaban\/\"]}]},{\"@type\":\"ImageObject\",\"inLanguage\":\"hu\",\"@id\":\"http:\/\/akordaj.ro\/hu\/szimbolizmus-a-varazsfuvolaban\/#primaryimage\",\"url\":\"http:\/\/akordaj.ro\/wp-content\/uploads\/2024\/10\/mozart-flautul-fermecat.jpg\",\"contentUrl\":\"http:\/\/akordaj.ro\/wp-content\/uploads\/2024\/10\/mozart-flautul-fermecat.jpg\",\"width\":1708,\"height\":960,\"caption\":\"Probabil c\u0103 unul dintre cei mai interesan\u021bi \u0219i enigmatici compozitori ai tuturor timpurilor este Mozart. De la v\u00e2rsta fraged\u0103 la care a scris prima lucrare, p\u00e2n\u0103 la genialitatea cu care a compus Uvertura Operei Don Giovanni\"},{\"@type\":\"BreadcrumbList\",\"@id\":\"http:\/\/akordaj.ro\/hu\/szimbolizmus-a-varazsfuvolaban\/#breadcrumb\",\"itemListElement\":[{\"@type\":\"ListItem\",\"position\":1,\"name\":\"Home\",\"item\":\"https:\/\/akordaj.ro\/hu\/\"},{\"@type\":\"ListItem\",\"position\":2,\"name\":\"Szimbolizmus A var\u00e1zsfuvol\u00e1ban\"}]},{\"@type\":\"WebSite\",\"@id\":\"http:\/\/akordaj.ro\/hu\/#website\",\"url\":\"http:\/\/akordaj.ro\/hu\/\",\"name\":\"Akordaj\",\"description\":\"\",\"potentialAction\":[{\"@type\":\"SearchAction\",\"target\":{\"@type\":\"EntryPoint\",\"urlTemplate\":\"http:\/\/akordaj.ro\/hu\/?s={search_term_string}\"},\"query-input\":{\"@type\":\"PropertyValueSpecification\",\"valueRequired\":true,\"valueName\":\"search_term_string\"}}],\"inLanguage\":\"hu\"},{\"@type\":\"Person\",\"@id\":\"http:\/\/akordaj.ro\/hu\/#\/schema\/person\/db380b77b25899e5c68d48a1cacd0f5c\",\"name\":\"Cristina Nagy\",\"url\":\"http:\/\/akordaj.ro\/hu\/author\/trib2design\/\"}]}<\/script>\n<!-- \/ Yoast SEO plugin. -->","yoast_head_json":{"title":"Szimbolizmus A var\u00e1zsfuvol\u00e1ban - Akordaj","description":"Minden id\u0151k tal\u00e1n egyik leg\u00e9rdekesebb \u00e9s legrejt\u00e9lyesebb zeneszerz\u0151je Mozart. Att\u00f3l a zsenge kort\u00f3l kezdve, amikor els\u0151 m\u0171v\u00e9t \u00edrta, a zsenialit\u00e1sig, amellyel...","robots":{"index":"index","follow":"follow","max-snippet":"max-snippet:-1","max-image-preview":"max-image-preview:large","max-video-preview":"max-video-preview:-1"},"canonical":"http:\/\/akordaj.ro\/hu\/szimbolizmus-a-varazsfuvolaban\/","og_locale":"hu_HU","og_type":"article","og_title":"Szimbolizmus A var\u00e1zsfuvol\u00e1ban - Akordaj","og_description":"Minden id\u0151k tal\u00e1n egyik leg\u00e9rdekesebb \u00e9s legrejt\u00e9lyesebb zeneszerz\u0151je Mozart. Att\u00f3l a zsenge kort\u00f3l kezdve, amikor els\u0151 m\u0171v\u00e9t \u00edrta, a zsenialit\u00e1sig, amellyel...","og_url":"http:\/\/akordaj.ro\/hu\/szimbolizmus-a-varazsfuvolaban\/","og_site_name":"Akordaj","article_published_time":"2024-12-28T11:40:28+00:00","article_modified_time":"2025-02-20T11:01:36+00:00","og_image":[{"width":1708,"height":960,"url":"http:\/\/akordaj.ro\/wp-content\/uploads\/2024\/10\/mozart-flautul-fermecat.jpg","type":"image\/jpeg"}],"author":"Cristina Nagy","twitter_card":"summary_large_image","twitter_misc":{"Szerz\u0151:":"Cristina Nagy","Becs\u00fclt olvas\u00e1si id\u0151":"1 perc"},"schema":{"@context":"https:\/\/schema.org","@graph":[{"@type":"WebPage","@id":"http:\/\/akordaj.ro\/hu\/szimbolizmus-a-varazsfuvolaban\/","url":"http:\/\/akordaj.ro\/hu\/szimbolizmus-a-varazsfuvolaban\/","name":"Szimbolizmus A var\u00e1zsfuvol\u00e1ban - Akordaj","isPartOf":{"@id":"http:\/\/akordaj.ro\/hu\/#website"},"primaryImageOfPage":{"@id":"http:\/\/akordaj.ro\/hu\/szimbolizmus-a-varazsfuvolaban\/#primaryimage"},"image":{"@id":"http:\/\/akordaj.ro\/hu\/szimbolizmus-a-varazsfuvolaban\/#primaryimage"},"thumbnailUrl":"http:\/\/akordaj.ro\/wp-content\/uploads\/2024\/10\/mozart-flautul-fermecat.jpg","datePublished":"2024-12-28T11:40:28+00:00","dateModified":"2025-02-20T11:01:36+00:00","author":{"@id":"http:\/\/akordaj.ro\/hu\/#\/schema\/person\/db380b77b25899e5c68d48a1cacd0f5c"},"description":"Minden id\u0151k tal\u00e1n egyik leg\u00e9rdekesebb \u00e9s legrejt\u00e9lyesebb zeneszerz\u0151je Mozart. Att\u00f3l a zsenge kort\u00f3l kezdve, amikor els\u0151 m\u0171v\u00e9t \u00edrta, a zsenialit\u00e1sig, amellyel...","breadcrumb":{"@id":"http:\/\/akordaj.ro\/hu\/szimbolizmus-a-varazsfuvolaban\/#breadcrumb"},"inLanguage":"hu","potentialAction":[{"@type":"ReadAction","target":["http:\/\/akordaj.ro\/hu\/szimbolizmus-a-varazsfuvolaban\/"]}]},{"@type":"ImageObject","inLanguage":"hu","@id":"http:\/\/akordaj.ro\/hu\/szimbolizmus-a-varazsfuvolaban\/#primaryimage","url":"http:\/\/akordaj.ro\/wp-content\/uploads\/2024\/10\/mozart-flautul-fermecat.jpg","contentUrl":"http:\/\/akordaj.ro\/wp-content\/uploads\/2024\/10\/mozart-flautul-fermecat.jpg","width":1708,"height":960,"caption":"Probabil c\u0103 unul dintre cei mai interesan\u021bi \u0219i enigmatici compozitori ai tuturor timpurilor este Mozart. De la v\u00e2rsta fraged\u0103 la care a scris prima lucrare, p\u00e2n\u0103 la genialitatea cu care a compus Uvertura Operei Don Giovanni"},{"@type":"BreadcrumbList","@id":"http:\/\/akordaj.ro\/hu\/szimbolizmus-a-varazsfuvolaban\/#breadcrumb","itemListElement":[{"@type":"ListItem","position":1,"name":"Home","item":"https:\/\/akordaj.ro\/hu\/"},{"@type":"ListItem","position":2,"name":"Szimbolizmus A var\u00e1zsfuvol\u00e1ban"}]},{"@type":"WebSite","@id":"http:\/\/akordaj.ro\/hu\/#website","url":"http:\/\/akordaj.ro\/hu\/","name":"Akordaj","description":"","potentialAction":[{"@type":"SearchAction","target":{"@type":"EntryPoint","urlTemplate":"http:\/\/akordaj.ro\/hu\/?s={search_term_string}"},"query-input":{"@type":"PropertyValueSpecification","valueRequired":true,"valueName":"search_term_string"}}],"inLanguage":"hu"},{"@type":"Person","@id":"http:\/\/akordaj.ro\/hu\/#\/schema\/person\/db380b77b25899e5c68d48a1cacd0f5c","name":"Cristina Nagy","url":"http:\/\/akordaj.ro\/hu\/author\/trib2design\/"}]}},"_links":{"self":[{"href":"http:\/\/akordaj.ro\/hu\/wp-json\/wp\/v2\/posts\/2704","targetHints":{"allow":["GET"]}}],"collection":[{"href":"http:\/\/akordaj.ro\/hu\/wp-json\/wp\/v2\/posts"}],"about":[{"href":"http:\/\/akordaj.ro\/hu\/wp-json\/wp\/v2\/types\/post"}],"author":[{"embeddable":true,"href":"http:\/\/akordaj.ro\/hu\/wp-json\/wp\/v2\/users\/2"}],"replies":[{"embeddable":true,"href":"http:\/\/akordaj.ro\/hu\/wp-json\/wp\/v2\/comments?post=2704"}],"version-history":[{"count":2,"href":"http:\/\/akordaj.ro\/hu\/wp-json\/wp\/v2\/posts\/2704\/revisions"}],"predecessor-version":[{"id":2706,"href":"http:\/\/akordaj.ro\/hu\/wp-json\/wp\/v2\/posts\/2704\/revisions\/2706"}],"wp:featuredmedia":[{"embeddable":true,"href":"http:\/\/akordaj.ro\/hu\/wp-json\/wp\/v2\/media\/577"}],"wp:attachment":[{"href":"http:\/\/akordaj.ro\/hu\/wp-json\/wp\/v2\/media?parent=2704"}],"wp:term":[{"taxonomy":"category","embeddable":true,"href":"http:\/\/akordaj.ro\/hu\/wp-json\/wp\/v2\/categories?post=2704"},{"taxonomy":"post_tag","embeddable":true,"href":"http:\/\/akordaj.ro\/hu\/wp-json\/wp\/v2\/tags?post=2704"}],"curies":[{"name":"wp","href":"https:\/\/api.w.org\/{rel}","templated":true}]}}