{"id":2680,"date":"2025-01-28T14:55:31","date_gmt":"2025-01-28T14:55:31","guid":{"rendered":"https:\/\/akordaj.ro\/jacob-collier-si-chris-thile-cu-britten-sinfonia-o-fuziune-clasica-inedita\/"},"modified":"2025-02-20T10:30:51","modified_gmt":"2025-02-20T10:30:51","slug":"jacob-collier-es-chris-thile-a-britten-sinfoniava","status":"publish","type":"post","link":"http:\/\/akordaj.ro\/hu\/jacob-collier-es-chris-thile-a-britten-sinfoniava\/","title":{"rendered":"Jacob Collier \u00e9s Chris Thile a Britten Sinfoni\u00e1val: Egyed\u00fcl\u00e1ll\u00f3 klasszikus f\u00fazi\u00f3"},"content":{"rendered":"","protected":false},"excerpt":{"rendered":"","protected":false},"author":3,"featured_media":673,"comment_status":"closed","ping_status":"closed","sticky":false,"template":"","format":"standard","meta":{"_acf_changed":false,"footnotes":""},"categories":[112],"tags":[114],"class_list":["post-2680","post","type-post","status-publish","format-standard","has-post-thumbnail","hentry","category-koncertek","tag-fuziune-de-genuri-hu"],"acf":[],"yoast_head":"<!-- This site is optimized with the Yoast SEO plugin v26.6 - https:\/\/yoast.com\/wordpress\/plugins\/seo\/ -->\n<title>Jacob Collier \u00e9s Chris Thile a Britten Sinfoni\u00e1val: Egyed\u00fcl\u00e1ll\u00f3 klasszikus f\u00fazi\u00f3 - Akordaj<\/title>\n<meta name=\"description\" content=\"2025. janu\u00e1r 23-\u00e1n Jacob Collier \u00e9s Chris Thile Grammy-d\u00edjas zen\u00e9szek a Britten Sinfonia zenekarral l\u00e9ptek fel a Barbican Centre-ben,...\" \/>\n<meta name=\"robots\" content=\"index, follow, max-snippet:-1, max-image-preview:large, max-video-preview:-1\" \/>\n<link rel=\"canonical\" href=\"http:\/\/akordaj.ro\/hu\/jacob-collier-es-chris-thile-a-britten-sinfoniava\/\" \/>\n<meta property=\"og:locale\" content=\"hu_HU\" \/>\n<meta property=\"og:type\" content=\"article\" \/>\n<meta property=\"og:title\" content=\"Jacob Collier \u00e9s Chris Thile a Britten Sinfoni\u00e1val: Egyed\u00fcl\u00e1ll\u00f3 klasszikus f\u00fazi\u00f3 - Akordaj\" \/>\n<meta property=\"og:description\" content=\"2025. janu\u00e1r 23-\u00e1n Jacob Collier \u00e9s Chris Thile Grammy-d\u00edjas zen\u00e9szek a Britten Sinfonia zenekarral l\u00e9ptek fel a Barbican Centre-ben,...\" \/>\n<meta property=\"og:url\" content=\"http:\/\/akordaj.ro\/hu\/jacob-collier-es-chris-thile-a-britten-sinfoniava\/\" \/>\n<meta property=\"og:site_name\" content=\"Akordaj\" \/>\n<meta property=\"article:published_time\" content=\"2025-01-28T14:55:31+00:00\" \/>\n<meta property=\"article:modified_time\" content=\"2025-02-20T10:30:51+00:00\" \/>\n<meta property=\"og:image\" content=\"http:\/\/akordaj.ro\/wp-content\/uploads\/2025\/01\/Images-akordaj-8.jpg\" \/>\n\t<meta property=\"og:image:width\" content=\"1366\" \/>\n\t<meta property=\"og:image:height\" content=\"768\" \/>\n\t<meta property=\"og:image:type\" content=\"image\/jpeg\" \/>\n<meta name=\"author\" content=\"Madalina\" \/>\n<meta name=\"twitter:card\" content=\"summary_large_image\" \/>\n<meta name=\"twitter:label1\" content=\"Szerz\u0151:\" \/>\n\t<meta name=\"twitter:data1\" content=\"Madalina\" \/>\n\t<meta name=\"twitter:label2\" content=\"Becs\u00fclt olvas\u00e1si id\u0151\" \/>\n\t<meta name=\"twitter:data2\" content=\"1 perc\" \/>\n<script type=\"application\/ld+json\" class=\"yoast-schema-graph\">{\"@context\":\"https:\/\/schema.org\",\"@graph\":[{\"@type\":\"WebPage\",\"@id\":\"http:\/\/akordaj.ro\/hu\/jacob-collier-es-chris-thile-a-britten-sinfoniava\/\",\"url\":\"http:\/\/akordaj.ro\/hu\/jacob-collier-es-chris-thile-a-britten-sinfoniava\/\",\"name\":\"Jacob Collier \u00e9s Chris Thile a Britten Sinfoni\u00e1val: Egyed\u00fcl\u00e1ll\u00f3 klasszikus f\u00fazi\u00f3 - Akordaj\",\"isPartOf\":{\"@id\":\"http:\/\/akordaj.ro\/hu\/#website\"},\"primaryImageOfPage\":{\"@id\":\"http:\/\/akordaj.ro\/hu\/jacob-collier-es-chris-thile-a-britten-sinfoniava\/#primaryimage\"},\"image\":{\"@id\":\"http:\/\/akordaj.ro\/hu\/jacob-collier-es-chris-thile-a-britten-sinfoniava\/#primaryimage\"},\"thumbnailUrl\":\"http:\/\/akordaj.ro\/wp-content\/uploads\/2025\/01\/Images-akordaj-8.jpg\",\"datePublished\":\"2025-01-28T14:55:31+00:00\",\"dateModified\":\"2025-02-20T10:30:51+00:00\",\"author\":{\"@id\":\"http:\/\/akordaj.ro\/hu\/#\/schema\/person\/2352039fbe9a0904b4597c4c8c4c3cc5\"},\"description\":\"2025. janu\u00e1r 23-\u00e1n Jacob Collier \u00e9s Chris Thile Grammy-d\u00edjas zen\u00e9szek a Britten Sinfonia zenekarral l\u00e9ptek fel a Barbican Centre-ben,...\",\"breadcrumb\":{\"@id\":\"http:\/\/akordaj.ro\/hu\/jacob-collier-es-chris-thile-a-britten-sinfoniava\/#breadcrumb\"},\"inLanguage\":\"hu\",\"potentialAction\":[{\"@type\":\"ReadAction\",\"target\":[\"http:\/\/akordaj.ro\/hu\/jacob-collier-es-chris-thile-a-britten-sinfoniava\/\"]}]},{\"@type\":\"ImageObject\",\"inLanguage\":\"hu\",\"@id\":\"http:\/\/akordaj.ro\/hu\/jacob-collier-es-chris-thile-a-britten-sinfoniava\/#primaryimage\",\"url\":\"http:\/\/akordaj.ro\/wp-content\/uploads\/2025\/01\/Images-akordaj-8.jpg\",\"contentUrl\":\"http:\/\/akordaj.ro\/wp-content\/uploads\/2025\/01\/Images-akordaj-8.jpg\",\"width\":1366,\"height\":768,\"caption\":\"Jacob Collier \u0219i Chris Thile cu Britten Sinfonia: O fuziune clasic\u0103 inedit\u0103\"},{\"@type\":\"BreadcrumbList\",\"@id\":\"http:\/\/akordaj.ro\/hu\/jacob-collier-es-chris-thile-a-britten-sinfoniava\/#breadcrumb\",\"itemListElement\":[{\"@type\":\"ListItem\",\"position\":1,\"name\":\"Home\",\"item\":\"https:\/\/akordaj.ro\/hu\/\"},{\"@type\":\"ListItem\",\"position\":2,\"name\":\"Jacob Collier \u00e9s Chris Thile a Britten Sinfoni\u00e1val: Egyed\u00fcl\u00e1ll\u00f3 klasszikus f\u00fazi\u00f3\"}]},{\"@type\":\"WebSite\",\"@id\":\"http:\/\/akordaj.ro\/hu\/#website\",\"url\":\"http:\/\/akordaj.ro\/hu\/\",\"name\":\"Akordaj\",\"description\":\"\",\"potentialAction\":[{\"@type\":\"SearchAction\",\"target\":{\"@type\":\"EntryPoint\",\"urlTemplate\":\"http:\/\/akordaj.ro\/hu\/?s={search_term_string}\"},\"query-input\":{\"@type\":\"PropertyValueSpecification\",\"valueRequired\":true,\"valueName\":\"search_term_string\"}}],\"inLanguage\":\"hu\"},{\"@type\":\"Person\",\"@id\":\"http:\/\/akordaj.ro\/hu\/#\/schema\/person\/2352039fbe9a0904b4597c4c8c4c3cc5\",\"name\":\"Madalina\",\"url\":\"http:\/\/akordaj.ro\/hu\/author\/trib2pr\/\"}]}<\/script>\n<!-- \/ Yoast SEO plugin. -->","yoast_head_json":{"title":"Jacob Collier \u00e9s Chris Thile a Britten Sinfoni\u00e1val: Egyed\u00fcl\u00e1ll\u00f3 klasszikus f\u00fazi\u00f3 - Akordaj","description":"2025. janu\u00e1r 23-\u00e1n Jacob Collier \u00e9s Chris Thile Grammy-d\u00edjas zen\u00e9szek a Britten Sinfonia zenekarral l\u00e9ptek fel a Barbican Centre-ben,...","robots":{"index":"index","follow":"follow","max-snippet":"max-snippet:-1","max-image-preview":"max-image-preview:large","max-video-preview":"max-video-preview:-1"},"canonical":"http:\/\/akordaj.ro\/hu\/jacob-collier-es-chris-thile-a-britten-sinfoniava\/","og_locale":"hu_HU","og_type":"article","og_title":"Jacob Collier \u00e9s Chris Thile a Britten Sinfoni\u00e1val: Egyed\u00fcl\u00e1ll\u00f3 klasszikus f\u00fazi\u00f3 - Akordaj","og_description":"2025. janu\u00e1r 23-\u00e1n Jacob Collier \u00e9s Chris Thile Grammy-d\u00edjas zen\u00e9szek a Britten Sinfonia zenekarral l\u00e9ptek fel a Barbican Centre-ben,...","og_url":"http:\/\/akordaj.ro\/hu\/jacob-collier-es-chris-thile-a-britten-sinfoniava\/","og_site_name":"Akordaj","article_published_time":"2025-01-28T14:55:31+00:00","article_modified_time":"2025-02-20T10:30:51+00:00","og_image":[{"width":1366,"height":768,"url":"http:\/\/akordaj.ro\/wp-content\/uploads\/2025\/01\/Images-akordaj-8.jpg","type":"image\/jpeg"}],"author":"Madalina","twitter_card":"summary_large_image","twitter_misc":{"Szerz\u0151:":"Madalina","Becs\u00fclt olvas\u00e1si id\u0151":"1 perc"},"schema":{"@context":"https:\/\/schema.org","@graph":[{"@type":"WebPage","@id":"http:\/\/akordaj.ro\/hu\/jacob-collier-es-chris-thile-a-britten-sinfoniava\/","url":"http:\/\/akordaj.ro\/hu\/jacob-collier-es-chris-thile-a-britten-sinfoniava\/","name":"Jacob Collier \u00e9s Chris Thile a Britten Sinfoni\u00e1val: Egyed\u00fcl\u00e1ll\u00f3 klasszikus f\u00fazi\u00f3 - Akordaj","isPartOf":{"@id":"http:\/\/akordaj.ro\/hu\/#website"},"primaryImageOfPage":{"@id":"http:\/\/akordaj.ro\/hu\/jacob-collier-es-chris-thile-a-britten-sinfoniava\/#primaryimage"},"image":{"@id":"http:\/\/akordaj.ro\/hu\/jacob-collier-es-chris-thile-a-britten-sinfoniava\/#primaryimage"},"thumbnailUrl":"http:\/\/akordaj.ro\/wp-content\/uploads\/2025\/01\/Images-akordaj-8.jpg","datePublished":"2025-01-28T14:55:31+00:00","dateModified":"2025-02-20T10:30:51+00:00","author":{"@id":"http:\/\/akordaj.ro\/hu\/#\/schema\/person\/2352039fbe9a0904b4597c4c8c4c3cc5"},"description":"2025. janu\u00e1r 23-\u00e1n Jacob Collier \u00e9s Chris Thile Grammy-d\u00edjas zen\u00e9szek a Britten Sinfonia zenekarral l\u00e9ptek fel a Barbican Centre-ben,...","breadcrumb":{"@id":"http:\/\/akordaj.ro\/hu\/jacob-collier-es-chris-thile-a-britten-sinfoniava\/#breadcrumb"},"inLanguage":"hu","potentialAction":[{"@type":"ReadAction","target":["http:\/\/akordaj.ro\/hu\/jacob-collier-es-chris-thile-a-britten-sinfoniava\/"]}]},{"@type":"ImageObject","inLanguage":"hu","@id":"http:\/\/akordaj.ro\/hu\/jacob-collier-es-chris-thile-a-britten-sinfoniava\/#primaryimage","url":"http:\/\/akordaj.ro\/wp-content\/uploads\/2025\/01\/Images-akordaj-8.jpg","contentUrl":"http:\/\/akordaj.ro\/wp-content\/uploads\/2025\/01\/Images-akordaj-8.jpg","width":1366,"height":768,"caption":"Jacob Collier \u0219i Chris Thile cu Britten Sinfonia: O fuziune clasic\u0103 inedit\u0103"},{"@type":"BreadcrumbList","@id":"http:\/\/akordaj.ro\/hu\/jacob-collier-es-chris-thile-a-britten-sinfoniava\/#breadcrumb","itemListElement":[{"@type":"ListItem","position":1,"name":"Home","item":"https:\/\/akordaj.ro\/hu\/"},{"@type":"ListItem","position":2,"name":"Jacob Collier \u00e9s Chris Thile a Britten Sinfoni\u00e1val: Egyed\u00fcl\u00e1ll\u00f3 klasszikus f\u00fazi\u00f3"}]},{"@type":"WebSite","@id":"http:\/\/akordaj.ro\/hu\/#website","url":"http:\/\/akordaj.ro\/hu\/","name":"Akordaj","description":"","potentialAction":[{"@type":"SearchAction","target":{"@type":"EntryPoint","urlTemplate":"http:\/\/akordaj.ro\/hu\/?s={search_term_string}"},"query-input":{"@type":"PropertyValueSpecification","valueRequired":true,"valueName":"search_term_string"}}],"inLanguage":"hu"},{"@type":"Person","@id":"http:\/\/akordaj.ro\/hu\/#\/schema\/person\/2352039fbe9a0904b4597c4c8c4c3cc5","name":"Madalina","url":"http:\/\/akordaj.ro\/hu\/author\/trib2pr\/"}]}},"_links":{"self":[{"href":"http:\/\/akordaj.ro\/hu\/wp-json\/wp\/v2\/posts\/2680","targetHints":{"allow":["GET"]}}],"collection":[{"href":"http:\/\/akordaj.ro\/hu\/wp-json\/wp\/v2\/posts"}],"about":[{"href":"http:\/\/akordaj.ro\/hu\/wp-json\/wp\/v2\/types\/post"}],"author":[{"embeddable":true,"href":"http:\/\/akordaj.ro\/hu\/wp-json\/wp\/v2\/users\/3"}],"replies":[{"embeddable":true,"href":"http:\/\/akordaj.ro\/hu\/wp-json\/wp\/v2\/comments?post=2680"}],"version-history":[{"count":2,"href":"http:\/\/akordaj.ro\/hu\/wp-json\/wp\/v2\/posts\/2680\/revisions"}],"predecessor-version":[{"id":2682,"href":"http:\/\/akordaj.ro\/hu\/wp-json\/wp\/v2\/posts\/2680\/revisions\/2682"}],"wp:featuredmedia":[{"embeddable":true,"href":"http:\/\/akordaj.ro\/hu\/wp-json\/wp\/v2\/media\/673"}],"wp:attachment":[{"href":"http:\/\/akordaj.ro\/hu\/wp-json\/wp\/v2\/media?parent=2680"}],"wp:term":[{"taxonomy":"category","embeddable":true,"href":"http:\/\/akordaj.ro\/hu\/wp-json\/wp\/v2\/categories?post=2680"},{"taxonomy":"post_tag","embeddable":true,"href":"http:\/\/akordaj.ro\/hu\/wp-json\/wp\/v2\/tags?post=2680"}],"curies":[{"name":"wp","href":"https:\/\/api.w.org\/{rel}","templated":true}]}}